{"id":2803,"date":"2023-02-23T16:14:16","date_gmt":"2023-02-23T16:14:16","guid":{"rendered":"https:\/\/echoes-erasmusplus.eu\/me1-fernunterricht-und-virtuelles-lernen\/"},"modified":"2023-02-23T16:14:16","modified_gmt":"2023-02-23T16:14:16","slug":"me1-fernunterricht-und-virtuelles-lernen","status":"publish","type":"post","link":"https:\/\/echoes-erasmusplus.eu\/de\/me1-fernunterricht-und-virtuelles-lernen\/","title":{"rendered":"ME1 &#8211; Fernunterricht und virtuelles Lernen"},"content":{"rendered":"<p>Die Multiplikator-Veranstaltung f\u00fcr das +ECHOES-Projekt &#8220;ME1 &#8211; Distance and virtual learning: technologies, skills and training needs for VET and WBL projects&#8221; fand am 23. Februar 2023 in Treviso statt.<br \/>\nDie Veranstaltung wurde in Absprache mit dem Verband IoT Italy (https:\/\/www.iotitaly.net\/), dem strategischen Partner von t2i, vorgeschlagen, um die M\u00f6glichkeit zu bieten, die Ergebnisse von ECHOES in einem gr\u00f6\u00dferen Rahmen f\u00fcr ein gro\u00dfes und engagiertes Publikum zu verbreiten, das sich sehr f\u00fcr ECHOES-Themen interessiert und in der Lage ist, das Beste aus den vorgeschlagenen Ergebnissen zu machen.<br \/>\nT2i pr\u00e4sentierte die Ergebnisse des ERASMUS + ECHOES-Projekts, das dem Thema digitale Plattformen f\u00fcr den Fernunterricht gewidmet ist.<br \/>\nAnl\u00e4sslich der mit Iot Italy organisierten Veranstaltung wurden insbesondere die Ergebnisse f\u00fcr ECHOES vorgestellt, die das erste Ergebnis des Projekts, den R1 State of Art and Research Report on distance and virtual learning for VET and WBL projects, betreffen.<br \/>\nDie Echoes-Multiplikator-Veranstaltung war strategisch in den mit Iot Italy organisierten Tag eingebettet, der sich ebenfalls auf technologische Fernl\u00f6sungen konzentrierte, ausgehend von der Welt der &#8220;GESUNDHEIT&#8221;, die schon immer an der Spitze des technologisch fortschrittlichen Angebots stand, das f\u00fcr die medizinische Unterst\u00fctzung von Patienten vorgeschlagen wurde, die medizinische Interventionen mit geringer Intensit\u00e4t ben\u00f6tigen, die auch zu Hause durchgef\u00fchrt werden k\u00f6nnen.<br \/>\nDie von den beiden Ans\u00e4tzen vorgeschlagenen Themen konvergieren zu den gemeinsamen Visionen der L\u00fccken und Bed\u00fcrfnisse der Betreiber und Nutzer, sowohl technologisch als auch organisatorisch.<br \/>\nDie Erfahrungen aus der Welt der fortgeschrittenen GESUNDHEIT k\u00f6nnten die technischen Anforderungen des mit ECHOES analysierten \u00d6kosystems des Fernunterrichts inspirieren und beeinflussen.      <\/p>\n","protected":false},"excerpt":{"rendered":"<p>ME1 &#8211; Fernunterricht und virtuelles Lernen: Technologien, F\u00e4higkeiten und Ausbildungsbedarf f\u00fcr Berufsbildungs- und WBL-Projekte &#8211; Italien: Veranstaltung Echoes Project &amp; Digital health: tecnologie IOT a supporto di pazienti e operatori &#8211; Treviso (Italien) Februar 23, 2023<\/p>\n","protected":false},"author":3,"featured_media":2804,"comment_status":"closed","ping_status":"open","sticky":false,"template":"","format":"standard","meta":{"_et_pb_use_builder":"","_et_pb_old_content":"","_et_gb_content_width":"","footnotes":""},"categories":[83],"tags":[],"class_list":["post-2803","post","type-post","status-publish","format-standard","has-post-thumbnail","hentry","category-meeting-event-de"],"yoast_head":"<!-- This site is optimized with the Yoast SEO plugin v21.8 - https:\/\/yoast.com\/wordpress\/plugins\/seo\/ -->\n<title>ME1 - Fernunterricht und virtuelles Lernen - Echoes<\/title>\n<meta name=\"description\" content=\"Die Multiplikatoren-Veranstaltung f\u00fcr das +ECHOES-Projekt &quot;ME1 - Distance and virtual learning.\" \/>\n<meta name=\"robots\" content=\"index, follow, max-snippet:-1, max-image-preview:large, max-video-preview:-1\" \/>\n<link rel=\"canonical\" href=\"https:\/\/echoes-erasmusplus.eu\/de\/me1-fernunterricht-und-virtuelles-lernen\/\" \/>\n<meta property=\"og:locale\" content=\"de_DE\" \/>\n<meta property=\"og:type\" content=\"article\" \/>\n<meta property=\"og:title\" content=\"ME1 - Fernunterricht und virtuelles Lernen - Echoes\" \/>\n<meta property=\"og:description\" content=\"Die Multiplikatoren-Veranstaltung f\u00fcr das +ECHOES-Projekt &quot;ME1 - Distance and virtual learning.\" \/>\n<meta property=\"og:url\" content=\"https:\/\/echoes-erasmusplus.eu\/de\/me1-fernunterricht-und-virtuelles-lernen\/\" \/>\n<meta property=\"og:site_name\" content=\"Echoes\" \/>\n<meta property=\"article:published_time\" content=\"2023-02-23T16:14:16+00:00\" \/>\n<meta property=\"og:image\" content=\"https:\/\/echoes-erasmusplus.eu\/wp-content\/uploads\/2023\/11\/Copertina-blog-ECHOES-3.jpg\" \/>\n\t<meta property=\"og:image:width\" content=\"1200\" \/>\n\t<meta property=\"og:image:height\" content=\"800\" \/>\n\t<meta property=\"og:image:type\" content=\"image\/jpeg\" \/>\n<meta name=\"author\" content=\"Echoes Project\" \/>\n<meta name=\"twitter:card\" content=\"summary_large_image\" \/>\n<meta name=\"twitter:label1\" content=\"Verfasst von\" \/>\n\t<meta name=\"twitter:data1\" content=\"Echoes Project\" \/>\n\t<meta name=\"twitter:label2\" content=\"Gesch\u00e4tzte Lesezeit\" \/>\n\t<meta name=\"twitter:data2\" content=\"1\u00a0Minute\" \/>\n<script type=\"application\/ld+json\" class=\"yoast-schema-graph\">{\"@context\":\"https:\/\/schema.org\",\"@graph\":[{\"@type\":\"Article\",\"@id\":\"https:\/\/echoes-erasmusplus.eu\/de\/me1-fernunterricht-und-virtuelles-lernen\/#article\",\"isPartOf\":{\"@id\":\"https:\/\/echoes-erasmusplus.eu\/de\/me1-fernunterricht-und-virtuelles-lernen\/\"},\"author\":{\"name\":\"Echoes Project\",\"@id\":\"https:\/\/echoes-erasmusplus.eu\/de\/#\/schema\/person\/17de1475c29bed072b91749d37594c9b\"},\"headline\":\"ME1 &#8211; Fernunterricht und virtuelles Lernen\",\"datePublished\":\"2023-02-23T16:14:16+00:00\",\"dateModified\":\"2023-02-23T16:14:16+00:00\",\"mainEntityOfPage\":{\"@id\":\"https:\/\/echoes-erasmusplus.eu\/de\/me1-fernunterricht-und-virtuelles-lernen\/\"},\"wordCount\":278,\"publisher\":{\"@id\":\"https:\/\/echoes-erasmusplus.eu\/de\/#organization\"},\"articleSection\":[\"Meeting &amp; Event\"],\"inLanguage\":\"de\"},{\"@type\":\"WebPage\",\"@id\":\"https:\/\/echoes-erasmusplus.eu\/de\/me1-fernunterricht-und-virtuelles-lernen\/\",\"url\":\"https:\/\/echoes-erasmusplus.eu\/de\/me1-fernunterricht-und-virtuelles-lernen\/\",\"name\":\"ME1 - Fernunterricht und virtuelles Lernen - Echoes\",\"isPartOf\":{\"@id\":\"https:\/\/echoes-erasmusplus.eu\/de\/#website\"},\"datePublished\":\"2023-02-23T16:14:16+00:00\",\"dateModified\":\"2023-02-23T16:14:16+00:00\",\"description\":\"Die Multiplikatoren-Veranstaltung f\u00fcr das +ECHOES-Projekt \\\"ME1 - Distance and virtual learning.\",\"breadcrumb\":{\"@id\":\"https:\/\/echoes-erasmusplus.eu\/de\/me1-fernunterricht-und-virtuelles-lernen\/#breadcrumb\"},\"inLanguage\":\"de\",\"potentialAction\":[{\"@type\":\"ReadAction\",\"target\":[\"https:\/\/echoes-erasmusplus.eu\/de\/me1-fernunterricht-und-virtuelles-lernen\/\"]}]},{\"@type\":\"BreadcrumbList\",\"@id\":\"https:\/\/echoes-erasmusplus.eu\/de\/me1-fernunterricht-und-virtuelles-lernen\/#breadcrumb\",\"itemListElement\":[{\"@type\":\"ListItem\",\"position\":1,\"name\":\"Home\",\"item\":\"https:\/\/echoes-erasmusplus.eu\/de\/\"},{\"@type\":\"ListItem\",\"position\":2,\"name\":\"ME1 &#8211; Fernunterricht und virtuelles Lernen\"}]},{\"@type\":\"WebSite\",\"@id\":\"https:\/\/echoes-erasmusplus.eu\/de\/#website\",\"url\":\"https:\/\/echoes-erasmusplus.eu\/de\/\",\"name\":\"ECHOES\",\"description\":\"Extended Classrooms for Higher Opportunities Enhancing Skills\",\"publisher\":{\"@id\":\"https:\/\/echoes-erasmusplus.eu\/de\/#organization\"},\"potentialAction\":[{\"@type\":\"SearchAction\",\"target\":{\"@type\":\"EntryPoint\",\"urlTemplate\":\"https:\/\/echoes-erasmusplus.eu\/de\/?s={search_term_string}\"},\"query-input\":\"required name=search_term_string\"}],\"inLanguage\":\"de\"},{\"@type\":\"Organization\",\"@id\":\"https:\/\/echoes-erasmusplus.eu\/de\/#organization\",\"name\":\"ECHOES Extended Classrooms for Higher Opportunities Enhancing Skills\",\"url\":\"https:\/\/echoes-erasmusplus.eu\/de\/\",\"logo\":{\"@type\":\"ImageObject\",\"inLanguage\":\"de\",\"@id\":\"https:\/\/echoes-erasmusplus.eu\/de\/#\/schema\/logo\/image\/\",\"url\":\"https:\/\/echoes-erasmusplus.eu\/wp-content\/uploads\/2023\/06\/logo-echoes.png\",\"contentUrl\":\"https:\/\/echoes-erasmusplus.eu\/wp-content\/uploads\/2023\/06\/logo-echoes.png\",\"width\":499,\"height\":160,\"caption\":\"ECHOES Extended Classrooms for Higher Opportunities Enhancing Skills\"},\"image\":{\"@id\":\"https:\/\/echoes-erasmusplus.eu\/de\/#\/schema\/logo\/image\/\"}},{\"@type\":\"Person\",\"@id\":\"https:\/\/echoes-erasmusplus.eu\/de\/#\/schema\/person\/17de1475c29bed072b91749d37594c9b\",\"name\":\"Echoes Project\",\"image\":{\"@type\":\"ImageObject\",\"inLanguage\":\"de\",\"@id\":\"https:\/\/echoes-erasmusplus.eu\/de\/#\/schema\/person\/image\/\",\"url\":\"https:\/\/secure.gravatar.com\/avatar\/0804fe4a1e030239f091a0d0d06b1fec8b329501055415c88663066e0ca869fe?s=96&d=mm&r=g\",\"contentUrl\":\"https:\/\/secure.gravatar.com\/avatar\/0804fe4a1e030239f091a0d0d06b1fec8b329501055415c88663066e0ca869fe?s=96&d=mm&r=g\",\"caption\":\"Echoes Project\"}}]}<\/script>\n<!-- \/ Yoast SEO plugin. -->","yoast_head_json":{"title":"ME1 - Fernunterricht und virtuelles Lernen - Echoes","description":"Die Multiplikatoren-Veranstaltung f\u00fcr das +ECHOES-Projekt \"ME1 - Distance and virtual learning.","robots":{"index":"index","follow":"follow","max-snippet":"max-snippet:-1","max-image-preview":"max-image-preview:large","max-video-preview":"max-video-preview:-1"},"canonical":"https:\/\/echoes-erasmusplus.eu\/de\/me1-fernunterricht-und-virtuelles-lernen\/","og_locale":"de_DE","og_type":"article","og_title":"ME1 - Fernunterricht und virtuelles Lernen - Echoes","og_description":"Die Multiplikatoren-Veranstaltung f\u00fcr das +ECHOES-Projekt \"ME1 - Distance and virtual learning.","og_url":"https:\/\/echoes-erasmusplus.eu\/de\/me1-fernunterricht-und-virtuelles-lernen\/","og_site_name":"Echoes","article_published_time":"2023-02-23T16:14:16+00:00","og_image":[{"width":1200,"height":800,"url":"https:\/\/echoes-erasmusplus.eu\/wp-content\/uploads\/2023\/11\/Copertina-blog-ECHOES-3.jpg","type":"image\/jpeg"}],"author":"Echoes Project","twitter_card":"summary_large_image","twitter_misc":{"Verfasst von":"Echoes Project","Gesch\u00e4tzte Lesezeit":"1\u00a0Minute"},"schema":{"@context":"https:\/\/schema.org","@graph":[{"@type":"Article","@id":"https:\/\/echoes-erasmusplus.eu\/de\/me1-fernunterricht-und-virtuelles-lernen\/#article","isPartOf":{"@id":"https:\/\/echoes-erasmusplus.eu\/de\/me1-fernunterricht-und-virtuelles-lernen\/"},"author":{"name":"Echoes Project","@id":"https:\/\/echoes-erasmusplus.eu\/de\/#\/schema\/person\/17de1475c29bed072b91749d37594c9b"},"headline":"ME1 &#8211; Fernunterricht und virtuelles Lernen","datePublished":"2023-02-23T16:14:16+00:00","dateModified":"2023-02-23T16:14:16+00:00","mainEntityOfPage":{"@id":"https:\/\/echoes-erasmusplus.eu\/de\/me1-fernunterricht-und-virtuelles-lernen\/"},"wordCount":278,"publisher":{"@id":"https:\/\/echoes-erasmusplus.eu\/de\/#organization"},"articleSection":["Meeting &amp; Event"],"inLanguage":"de"},{"@type":"WebPage","@id":"https:\/\/echoes-erasmusplus.eu\/de\/me1-fernunterricht-und-virtuelles-lernen\/","url":"https:\/\/echoes-erasmusplus.eu\/de\/me1-fernunterricht-und-virtuelles-lernen\/","name":"ME1 - Fernunterricht und virtuelles Lernen - Echoes","isPartOf":{"@id":"https:\/\/echoes-erasmusplus.eu\/de\/#website"},"datePublished":"2023-02-23T16:14:16+00:00","dateModified":"2023-02-23T16:14:16+00:00","description":"Die Multiplikatoren-Veranstaltung f\u00fcr das +ECHOES-Projekt \"ME1 - Distance and virtual learning.","breadcrumb":{"@id":"https:\/\/echoes-erasmusplus.eu\/de\/me1-fernunterricht-und-virtuelles-lernen\/#breadcrumb"},"inLanguage":"de","potentialAction":[{"@type":"ReadAction","target":["https:\/\/echoes-erasmusplus.eu\/de\/me1-fernunterricht-und-virtuelles-lernen\/"]}]},{"@type":"BreadcrumbList","@id":"https:\/\/echoes-erasmusplus.eu\/de\/me1-fernunterricht-und-virtuelles-lernen\/#breadcrumb","itemListElement":[{"@type":"ListItem","position":1,"name":"Home","item":"https:\/\/echoes-erasmusplus.eu\/de\/"},{"@type":"ListItem","position":2,"name":"ME1 &#8211; Fernunterricht und virtuelles Lernen"}]},{"@type":"WebSite","@id":"https:\/\/echoes-erasmusplus.eu\/de\/#website","url":"https:\/\/echoes-erasmusplus.eu\/de\/","name":"ECHOES","description":"Extended Classrooms for Higher Opportunities Enhancing Skills","publisher":{"@id":"https:\/\/echoes-erasmusplus.eu\/de\/#organization"},"potentialAction":[{"@type":"SearchAction","target":{"@type":"EntryPoint","urlTemplate":"https:\/\/echoes-erasmusplus.eu\/de\/?s={search_term_string}"},"query-input":"required name=search_term_string"}],"inLanguage":"de"},{"@type":"Organization","@id":"https:\/\/echoes-erasmusplus.eu\/de\/#organization","name":"ECHOES Extended Classrooms for Higher Opportunities Enhancing Skills","url":"https:\/\/echoes-erasmusplus.eu\/de\/","logo":{"@type":"ImageObject","inLanguage":"de","@id":"https:\/\/echoes-erasmusplus.eu\/de\/#\/schema\/logo\/image\/","url":"https:\/\/echoes-erasmusplus.eu\/wp-content\/uploads\/2023\/06\/logo-echoes.png","contentUrl":"https:\/\/echoes-erasmusplus.eu\/wp-content\/uploads\/2023\/06\/logo-echoes.png","width":499,"height":160,"caption":"ECHOES Extended Classrooms for Higher Opportunities Enhancing Skills"},"image":{"@id":"https:\/\/echoes-erasmusplus.eu\/de\/#\/schema\/logo\/image\/"}},{"@type":"Person","@id":"https:\/\/echoes-erasmusplus.eu\/de\/#\/schema\/person\/17de1475c29bed072b91749d37594c9b","name":"Echoes Project","image":{"@type":"ImageObject","inLanguage":"de","@id":"https:\/\/echoes-erasmusplus.eu\/de\/#\/schema\/person\/image\/","url":"https:\/\/secure.gravatar.com\/avatar\/0804fe4a1e030239f091a0d0d06b1fec8b329501055415c88663066e0ca869fe?s=96&d=mm&r=g","contentUrl":"https:\/\/secure.gravatar.com\/avatar\/0804fe4a1e030239f091a0d0d06b1fec8b329501055415c88663066e0ca869fe?s=96&d=mm&r=g","caption":"Echoes Project"}}]}},"_links":{"self":[{"href":"https:\/\/echoes-erasmusplus.eu\/de\/wp-json\/wp\/v2\/posts\/2803","targetHints":{"allow":["GET"]}}],"collection":[{"href":"https:\/\/echoes-erasmusplus.eu\/de\/wp-json\/wp\/v2\/posts"}],"about":[{"href":"https:\/\/echoes-erasmusplus.eu\/de\/wp-json\/wp\/v2\/types\/post"}],"author":[{"embeddable":true,"href":"https:\/\/echoes-erasmusplus.eu\/de\/wp-json\/wp\/v2\/users\/3"}],"replies":[{"embeddable":true,"href":"https:\/\/echoes-erasmusplus.eu\/de\/wp-json\/wp\/v2\/comments?post=2803"}],"version-history":[{"count":0,"href":"https:\/\/echoes-erasmusplus.eu\/de\/wp-json\/wp\/v2\/posts\/2803\/revisions"}],"wp:featuredmedia":[{"embeddable":true,"href":"https:\/\/echoes-erasmusplus.eu\/de\/wp-json\/wp\/v2\/media\/2804"}],"wp:attachment":[{"href":"https:\/\/echoes-erasmusplus.eu\/de\/wp-json\/wp\/v2\/media?parent=2803"}],"wp:term":[{"taxonomy":"category","embeddable":true,"href":"https:\/\/echoes-erasmusplus.eu\/de\/wp-json\/wp\/v2\/categories?post=2803"},{"taxonomy":"post_tag","embeddable":true,"href":"https:\/\/echoes-erasmusplus.eu\/de\/wp-json\/wp\/v2\/tags?post=2803"}],"curies":[{"name":"wp","href":"https:\/\/api.w.org\/{rel}","templated":true}]}}